{"id":2218,"date":"2021-03-01T09:48:20","date_gmt":"2021-03-01T09:48:20","guid":{"rendered":"http:\/\/www.alcergipuzkoa.org\/?p=2218"},"modified":"2021-03-11T12:41:25","modified_gmt":"2021-03-11T12:41:25","slug":"pop-plataforma-de-organizaciones-de-pacientes-eta-carolina-dariasen-osasun-ministroa-artean-bilera","status":"publish","type":"post","link":"https:\/\/www.alcergipuzkoa.org\/eu\/pop-plataforma-de-organizaciones-de-pacientes-eta-carolina-dariasen-osasun-ministroa-artean-bilera\/","title":{"rendered":"POP  (Plataforma  de  Organizaciones  de  Pacientes)  eta  Carolina  Dariasen,  Osasun  ministroa,  artean  bilera"},"content":{"rendered":"<p>Plataforma  de  Organizaciones  de  Pacientes  (POP)  Carolina  Dariasekin,  Osasun  Ministroa,  bildu  da  pandemiaren  hasieratik  gaixo  kronikoen  kalteberatasun  egoera  eta,  Txertaketa  Estrategian  jasotzen  diren  gaur  egungo  irizpideen  kezka  adierazteko.<\/p>\n<p>Orobat,  gaixo  kronikoen  beharrak  haintzat  hartuko  dituen  partehartze  ereduaz  hitz  egin  da,  gaixo  hauengan  zuzenean  eragiten  duten  erabakien  hartzean  ahotsa  emanez.<\/p>\n<p>Jarraian,  artikulu  osoa  berresango  dugu:<\/p>\n<p><em>\u201c<\/em><em>As\u00ed  mismo,  le  ha  trasladado  su  preocupaci\u00f3n  ante  los  avances  en  la  Estrategia  de  Vacunaci\u00f3n  y  ha  solicitado  que  se  incluya,  \u201ccon  car\u00e1cter  de  urgencia\u201d,  a  los  pacientes  cr\u00f3nicos  en  el  siguiente  grupo  a  inmunizar<\/em>.<\/p>\n<p><em>La  Plataforma  tambi\u00e9n  ha  animado  a  Darias  a  formalizar  la  creaci\u00f3n  del  Comit\u00e9  de  Pacientes  a  fin  de  establecer  modelos  de  participaci\u00f3n  efectiva  que  tengan  en  cuenta  las  necesidades  de  las  personas.<\/em><\/p>\n<p><em>&nbsp;<\/em><em>La&nbsp;<strong><a href=\"http:\/\/www.plataformadepacientes.org\/\">Plataforma  de  Organizaciones  de  Pacientes<\/a>&nbsp;(POP)<\/strong>&nbsp;ha  mantenido,  este  viernes,  un  encuentro  con  la  ministra  de&nbsp;<a href=\"https:\/\/www.mscbs.gob.es\/sanidad\/portada\/home.htm\">Sanidad<\/a>,&nbsp;<strong>Carolina  Darias<\/strong>,  a  fin  de  trasmitirle  la  situaci\u00f3n  de  vulnerabilidad  que,  desde  el  inicio  de  la  pandemia,  est\u00e1n  sufriendo  los  pacientes  cr\u00f3nicos  e  instar,  por  tanto,  al  Ministerio  a  llevar  a  cabo  una  reestructuraci\u00f3n<strong>&nbsp;<\/strong>del&nbsp;<strong><a href=\"https:\/\/www.mscbs.gob.es\/organizacion\/sns\/home.htm\">Sistema  Nacional  de  Salud<\/a>&nbsp;que  priorice  la  cronicidad  y  cuente  con  las  entidades  de  pacientes<\/strong>.<\/em><\/p>\n<p><em>La  POP  ha  explicado  a  la  nueva  ministra  de  Sanidad  las  dificultades  vividas  por  los  pacientes  cr\u00f3nicos  ante  la&nbsp;<strong>incapacidad  del  SNS  para  mantener  la  totalidad  de  la&nbsp;<\/strong><a href=\"https:\/\/www.plataformadepacientes.org\/sites\/default\/files\/informe2021_observatorio_final_1.pdf\"><strong>asistencia  sanitaria<\/strong><\/a>*&nbsp;mientras  contin\u00faa  con  la  lucha  para  erradicar  la  COVID-19.<\/em><\/p>\n<p><em>Ante  ello,&nbsp;<strong>Carina  Escobar,  presidenta  de  la  POP<\/strong>,  ha  explicado:&nbsp;<\/em><em>\u201cLa  interrupci\u00f3n  de  tratamientos,  el  retraso  en  los  diagn\u00f3sticos,  as\u00ed  como  la  cancelaci\u00f3n  de  numerosas  consultas  m\u00e9dicas  trae  consigo  un  impacto  ineludible  en  la  salud  de  las  personas  con  patolog\u00edas  cr\u00f3nicas.  Por  ello,  desde  la  POP  consideramos  que  es  realmente  urgente  la  completa  reactivaci\u00f3n  de  la  asistencia  sanitaria\u201d.<\/em><\/p>\n<p><strong><em>PREOCUPACI\u00d3N  Y  DESCONCIERTO  ANTE  LA  PRIORIZACI\u00d3N  EN  LOS  GRUPOS  DE  VACUNACI\u00d3N<\/em><\/strong><\/p>\n<p><em>Ante  los  nuevos  avances  de  la&nbsp;<a href=\"https:\/\/www.mscbs.gob.es\/profesionales\/saludPublica\/home.htm\">Comisi\u00f3n  de  Salud  P\u00fablica<\/a>&nbsp;en  la&nbsp;<a href=\"https:\/\/www.mscbs.gob.es\/profesionales\/saludPublica\/prevPromocion\/vacunaciones\/covid19\/docs\/COVID-19_EstrategiaVacunacion.pdf\">Estrategia  de  Vacunaci\u00f3n  contra  la  COVID-19<\/a>&nbsp;por  la  cual  se  ha  acordado  que  los  siguientes  grupos  a  vacunar  con  ARNm  seguir\u00e1n  un  criterio  de  priorizaci\u00f3n  en  funci\u00f3n  de  la  edad,  la&nbsp;<strong><a href=\"http:\/\/www.plataformadepacientes.org\/\">Plataforma  de  Organizaciones  de  Pacientes<\/a>&nbsp;<\/strong>ha  trasladado  a  la  ministra  su  \u201cpreocupaci\u00f3n  y  desconcierto\u201d.<\/em><\/p>\n<p><em>\u201cLa  edad  no  deber\u00eda  de  ser  el  \u00fanico  factor  que  determina  la  vulnerabilidad  de  las  personas  ante  la  Covid-19.  Son  muchos  los  enfermos  cr\u00f3nicos,  de  todas  las  edades,  que  tienen  un  gran  riesgo  ante  el  contagio,  tanto  por  su  respuesta  inmunitaria,  como  por  la  complejidad  de  patolog\u00edas  y  comorbilidades\u201d<\/em><em>&nbsp;ha  explicado  Escobar.<\/em><\/p>\n<p><em>Por  ello,  la  entidad  ha  solicitado  a  la  ministra  que  se  incluya,  \u201ccon  car\u00e1cter  de  urgencia\u201d,  a  los  pacientes  cr\u00f3nicos  en  el  siguiente  grupo  de  vacunaci\u00f3n,  recordando  que  la&nbsp;<strong><a href=\"https:\/\/www.mscbs.gob.es\/profesionales\/saludPublica\/prevPromocion\/vacunaciones\/covid19\/docs\/COVID-19_EstrategiaVacunacion.pdf\">Estrategia  de  vacunaci\u00f3n  frente  a  la  COVID-19<\/a>,  elaborada  por  el&nbsp;<a href=\"https:\/\/www.mscbs.gob.es\/sanidad\/portada\/home.htm\">Ministerio  de  Sanidad<\/a>,  valora  de  forma  especial  la  condici\u00f3n  de  vulnerabilidad<\/strong>&nbsp;<strong>en  la  que  se  encuentran  los  pacientes  cr\u00f3nicos.<\/strong><\/em><\/p>\n<p><em>\u201cEs  necesario  que  se  tenga  en  cuenta,  adem\u00e1s,  que  muchas  personas  con  patolog\u00edas  previas  necesitan  acudir  recurrentemente  a  los  centros  sanitarios  para  llevar  a  cabo  diferentes  tratamientos.  Su  exposici\u00f3n  ante  el  contagio  es  muy  grande  y,  por  tanto,  creemos  que  deben  ser  vacunados  con  urgencia\u201d<\/em><em>,  ha  argumentado  Escobar.<\/em><\/p>\n<p><strong><em>PROTECCI\u00d3N  A  LA  CRONICIDAD<\/em><\/strong><\/p>\n<p><em>En  este  sentido,  la&nbsp;<a href=\"http:\/\/www.plataformadepacientes.org\/\">Plataforma  de  Organizaciones  de  Pacientes<\/a><strong>&nbsp;<\/strong>ha  puesto  sobre  la  mesa  la&nbsp;<strong>necesidad  de  incorporar  la  voz  de  los  pacientes  en  la  toma  de  decisiones  de  manera  formal<\/strong>.<\/em><\/p>\n<p><em>Para  ello,  ha  solicitado  que  se  tenga  en  cuenta  la&nbsp;<strong>participaci\u00f3n  de  las  organizaciones  de  pacientes<\/strong>&nbsp;en  la  evaluaci\u00f3n,  el  dise\u00f1o  e  implantaci\u00f3n  de  todas  las  normativas,  estrategias  y  planes  de  salud  que  les  afectan  tal  y  como  establece  la  Proposici\u00f3n  no  de  Ley  (PNL)  relativa  a  esta  participaci\u00f3n  en  el  SNS.  La  POP  ha  recordado  que,  seg\u00fan  esta  medida,  se  insta  al  Gobierno  a  la  modificaci\u00f3n  de  la<a href=\"https:\/\/www.boe.es\/eli\/es\/l\/2003\/05\/28\/16\/con\">&nbsp;Ley  16\/2003,  de  28  de  mayo,  de  cohesi\u00f3n  y  calidad  del  Sistema  Nacional  de  Salud<\/a>&nbsp;para  regular  la  participaci\u00f3n  de  los  pacientes  en  el  propio  SNS  mediante  el&nbsp;<a href=\"https:\/\/www.mscbs.gob.es\/organizacion\/consejoInterterri\/organos.htm\">Consejo  Consultivo  del  Consejo  Interterritorial<\/a>.<\/em><\/p>\n<p><em>Por  \u00faltimo,  la&nbsp;<a href=\"http:\/\/www.plataformadepacientes.org\/\">Plataforma  de  Organizaciones  de  Pacientes<\/a>&nbsp;ha  animado  a  Darias  a  formalizar  la  creaci\u00f3n  del&nbsp;<\/em><strong><em>Comit\u00e9  de  Pacientes  como  \u00f3rgano  propio  de  asesoramiento<\/em><\/strong><em>,  una  iniciativa  que  consta  en  el&nbsp;<a href=\"https:\/\/transparencia.gob.es\/transparencia\/transparencia_Home\/index\/Gobierno-abierto\/planes-accion.html\">IV  Plan  de  Gobierno  Abierto  2020-2024<\/a>,  impulsado  por  el&nbsp;<a href=\"https:\/\/www.mptfp.gob.es\/\">Ministerio  de  Pol\u00edtica  Territorial  y  Funci\u00f3n  P\u00fablica<\/a>,  que  permita  establecer&nbsp;<\/em><strong><em>modelos  de  participaci\u00f3n  efectiva<\/em><\/strong><em>&nbsp;que  tengan  en  cuenta  las  necesidades  de  las  personas.\u201d<\/em><\/p>\n<p>Iturria:  2021eko  otsailaren  19an  POP-n  argitaratua<\/p>\n<p><span style=\"color: #0000ff;\">https:\/\/www.plataformadepacientes.org\/actualidad\/la-pop-transmite-la-ministra-carolina-darias-la-delicada-situacion-de-los-pacientes<\/span><\/p>\n","protected":false},"excerpt":{"rendered":"<p>Plataforma  de  Organizaciones  de  Pacientes  (POP)  Carolina  Dariasekin,  Osasun  Ministroa,  bildu  da  pandemiaren  hasieratik  gaixo  kronikoen  kalteberatasun  egoera  eta,  Txertaketa  Estrategian  jasotzen  diren  gaur  egungo  irizpideen  kezka  adierazteko.  Orobat,  gaixo  kronikoen  beharrak  haintzat  hartuko  dituen  partehartze  ereduaz  hitz  egin  da,  gaixo  hauengan  zuzenean  eragiten  duten  erabakien  hartzean  ahotsa  emanez.  Jarraian,  artikulu  osoa  berresango  dugu:  \u201cAs\u00ed<\/p>\n","protected":false},"author":1,"featured_media":2220,"comment_status":"closed","ping_status":"open","sticky":false,"template":"","format":"standard","meta":{"ngg_post_thumbnail":0,"footnotes":""},"categories":[2],"tags":[],"yoast_head":"<!-- This site is optimized with the Yoast SEO plugin v22.7 - https:\/\/yoast.com\/wordpress\/plugins\/seo\/ -->\n<title>POP (Plataforma de Organizaciones de Pacientes) eta Carolina Dariasen, Osasun ministroa, artean bilera - Alcer Guipuzkoa<\/title>\n<meta name=\"robots\" content=\"index, follow, max-snippet:-1, max-image-preview:large, max-video-preview:-1\" \/>\n<link rel=\"canonical\" href=\"http:\/\/www.alcergipuzkoa.org\/encuentro-entre-pop-plataforma-de-organizaciones-de-pacientes-y-carolina-darias-ministra-de-sanidad\/\" \/>\n<meta property=\"og:locale\" content=\"en_US\" \/>\n<meta property=\"og:type\" content=\"article\" \/>\n<meta property=\"og:title\" content=\"POP (Plataforma de Organizaciones de Pacientes) eta Carolina Dariasen, Osasun ministroa, artean bilera - Alcer Guipuzkoa\" \/>\n<meta property=\"og:description\" content=\"Plataforma de Organizaciones de Pacientes (POP) Carolina Dariasekin, Osasun Ministroa, bildu da pandemiaren hasieratik gaixo kronikoen kalteberatasun egoera eta, Txertaketa Estrategian jasotzen diren gaur egungo irizpideen kezka adierazteko. Orobat, gaixo kronikoen beharrak haintzat hartuko dituen partehartze ereduaz hitz egin da, gaixo hauengan zuzenean eragiten duten erabakien hartzean ahotsa emanez. Jarraian, artikulu osoa berresango dugu: \u201cAs\u00ed\" \/>\n<meta property=\"og:url\" content=\"http:\/\/www.alcergipuzkoa.org\/encuentro-entre-pop-plataforma-de-organizaciones-de-pacientes-y-carolina-darias-ministra-de-sanidad\/\" \/>\n<meta property=\"og:site_name\" content=\"Alcer Guipuzkoa\" \/>\n<meta property=\"article:published_time\" content=\"2021-03-01T09:48:20+00:00\" \/>\n<meta property=\"article:modified_time\" content=\"2021-03-11T12:41:25+00:00\" \/>\n<meta property=\"og:image\" content=\"http:\/\/www.alcergipuzkoa.org\/wp-content\/uploads\/2021\/03\/Portada-3.jpg\" \/>\n\t<meta property=\"og:image:width\" content=\"893\" \/>\n\t<meta property=\"og:image:height\" content=\"615\" \/>\n\t<meta property=\"og:image:type\" content=\"image\/jpeg\" \/>\n<meta name=\"author\" content=\"Alcer Gipuzkoa\" \/>\n<meta name=\"twitter:card\" content=\"summary_large_image\" \/>\n<meta name=\"twitter:label1\" content=\"Written by\" \/>\n\t<meta name=\"twitter:data1\" content=\"Alcer Gipuzkoa\" \/>\n\t<meta name=\"twitter:label2\" content=\"Est. reading time\" \/>\n\t<meta name=\"twitter:data2\" content=\"4 minutes\" \/>\n<script type=\"application\/ld+json\" class=\"yoast-schema-graph\">{\"@context\":\"https:\/\/schema.org\",\"@graph\":[{\"@type\":\"Article\",\"@id\":\"http:\/\/www.alcergipuzkoa.org\/encuentro-entre-pop-plataforma-de-organizaciones-de-pacientes-y-carolina-darias-ministra-de-sanidad\/#article\",\"isPartOf\":{\"@id\":\"http:\/\/www.alcergipuzkoa.org\/encuentro-entre-pop-plataforma-de-organizaciones-de-pacientes-y-carolina-darias-ministra-de-sanidad\/\"},\"author\":{\"name\":\"Alcer Gipuzkoa\",\"@id\":\"https:\/\/www.alcergipuzkoa.org\/#\/schema\/person\/0201658fcd3d30ba9f722c56730794ce\"},\"headline\":\"POP (Plataforma de Organizaciones de Pacientes) eta Carolina Dariasen, Osasun ministroa, artean bilera\",\"datePublished\":\"2021-03-01T09:48:20+00:00\",\"dateModified\":\"2021-03-11T12:41:25+00:00\",\"mainEntityOfPage\":{\"@id\":\"http:\/\/www.alcergipuzkoa.org\/encuentro-entre-pop-plataforma-de-organizaciones-de-pacientes-y-carolina-darias-ministra-de-sanidad\/\"},\"wordCount\":832,\"publisher\":{\"@id\":\"https:\/\/www.alcergipuzkoa.org\/#organization\"},\"image\":{\"@id\":\"http:\/\/www.alcergipuzkoa.org\/encuentro-entre-pop-plataforma-de-organizaciones-de-pacientes-y-carolina-darias-ministra-de-sanidad\/#primaryimage\"},\"thumbnailUrl\":\"https:\/\/www.alcergipuzkoa.org\/wp-content\/uploads\/2021\/03\/Portada-3.jpg\",\"articleSection\":[\"Uncategorized @eu\"],\"inLanguage\":\"eu\"},{\"@type\":\"WebPage\",\"@id\":\"http:\/\/www.alcergipuzkoa.org\/encuentro-entre-pop-plataforma-de-organizaciones-de-pacientes-y-carolina-darias-ministra-de-sanidad\/\",\"url\":\"http:\/\/www.alcergipuzkoa.org\/encuentro-entre-pop-plataforma-de-organizaciones-de-pacientes-y-carolina-darias-ministra-de-sanidad\/\",\"name\":\"POP (Plataforma de Organizaciones de Pacientes) eta Carolina Dariasen, Osasun ministroa, artean bilera - Alcer Guipuzkoa\",\"isPartOf\":{\"@id\":\"https:\/\/www.alcergipuzkoa.org\/#website\"},\"primaryImageOfPage\":{\"@id\":\"http:\/\/www.alcergipuzkoa.org\/encuentro-entre-pop-plataforma-de-organizaciones-de-pacientes-y-carolina-darias-ministra-de-sanidad\/#primaryimage\"},\"image\":{\"@id\":\"http:\/\/www.alcergipuzkoa.org\/encuentro-entre-pop-plataforma-de-organizaciones-de-pacientes-y-carolina-darias-ministra-de-sanidad\/#primaryimage\"},\"thumbnailUrl\":\"https:\/\/www.alcergipuzkoa.org\/wp-content\/uploads\/2021\/03\/Portada-3.jpg\",\"datePublished\":\"2021-03-01T09:48:20+00:00\",\"dateModified\":\"2021-03-11T12:41:25+00:00\",\"breadcrumb\":{\"@id\":\"http:\/\/www.alcergipuzkoa.org\/encuentro-entre-pop-plataforma-de-organizaciones-de-pacientes-y-carolina-darias-ministra-de-sanidad\/#breadcrumb\"},\"inLanguage\":\"eu\",\"potentialAction\":[{\"@type\":\"ReadAction\",\"target\":[\"http:\/\/www.alcergipuzkoa.org\/encuentro-entre-pop-plataforma-de-organizaciones-de-pacientes-y-carolina-darias-ministra-de-sanidad\/\"]}]},{\"@type\":\"ImageObject\",\"inLanguage\":\"eu\",\"@id\":\"http:\/\/www.alcergipuzkoa.org\/encuentro-entre-pop-plataforma-de-organizaciones-de-pacientes-y-carolina-darias-ministra-de-sanidad\/#primaryimage\",\"url\":\"https:\/\/www.alcergipuzkoa.org\/wp-content\/uploads\/2021\/03\/Portada-3.jpg\",\"contentUrl\":\"https:\/\/www.alcergipuzkoa.org\/wp-content\/uploads\/2021\/03\/Portada-3.jpg\",\"width\":893,\"height\":615},{\"@type\":\"BreadcrumbList\",\"@id\":\"http:\/\/www.alcergipuzkoa.org\/encuentro-entre-pop-plataforma-de-organizaciones-de-pacientes-y-carolina-darias-ministra-de-sanidad\/#breadcrumb\",\"itemListElement\":[{\"@type\":\"ListItem\",\"position\":1,\"name\":\"Portada\",\"item\":\"https:\/\/www.alcergipuzkoa.org\/eu\/\"},{\"@type\":\"ListItem\",\"position\":2,\"name\":\"POP (Plataforma de Organizaciones de Pacientes) eta Carolina Dariasen, Osasun ministroa, artean bilera\"}]},{\"@type\":\"WebSite\",\"@id\":\"https:\/\/www.alcergipuzkoa.org\/#website\",\"url\":\"https:\/\/www.alcergipuzkoa.org\/\",\"name\":\"Alcer Gipuzkoa\",\"description\":\"Guztion laguntzarekin\",\"publisher\":{\"@id\":\"https:\/\/www.alcergipuzkoa.org\/#organization\"},\"potentialAction\":[{\"@type\":\"SearchAction\",\"target\":{\"@type\":\"EntryPoint\",\"urlTemplate\":\"https:\/\/www.alcergipuzkoa.org\/?s={search_term_string}\"},\"query-input\":\"required name=search_term_string\"}],\"inLanguage\":\"eu\"},{\"@type\":\"Organization\",\"@id\":\"https:\/\/www.alcergipuzkoa.org\/#organization\",\"name\":\"Alcer Gipuzkoa\",\"url\":\"https:\/\/www.alcergipuzkoa.org\/\",\"logo\":{\"@type\":\"ImageObject\",\"inLanguage\":\"eu\",\"@id\":\"https:\/\/www.alcergipuzkoa.org\/#\/schema\/logo\/image\/\",\"url\":\"https:\/\/www.alcergipuzkoa.org\/wp-content\/uploads\/2024\/04\/LOGO_MENU-01.png\",\"contentUrl\":\"https:\/\/www.alcergipuzkoa.org\/wp-content\/uploads\/2024\/04\/LOGO_MENU-01.png\",\"width\":2015,\"height\":661,\"caption\":\"Alcer Gipuzkoa\"},\"image\":{\"@id\":\"https:\/\/www.alcergipuzkoa.org\/#\/schema\/logo\/image\/\"}},{\"@type\":\"Person\",\"@id\":\"https:\/\/www.alcergipuzkoa.org\/#\/schema\/person\/0201658fcd3d30ba9f722c56730794ce\",\"name\":\"Alcer Gipuzkoa\",\"image\":{\"@type\":\"ImageObject\",\"inLanguage\":\"eu\",\"@id\":\"https:\/\/www.alcergipuzkoa.org\/#\/schema\/person\/image\/\",\"url\":\"https:\/\/secure.gravatar.com\/avatar\/fa15fb5830e3ec0132f1dfaf805fe6a9?s=96&d=blank&r=g\",\"contentUrl\":\"https:\/\/secure.gravatar.com\/avatar\/fa15fb5830e3ec0132f1dfaf805fe6a9?s=96&d=blank&r=g\",\"caption\":\"Alcer Gipuzkoa\"},\"sameAs\":[\"http:\/\/www.alcergipuzkoa.org\"],\"url\":\"https:\/\/www.alcergipuzkoa.org\/eu\/author\/administrador\/\"}]}<\/script>\n<!-- \/ Yoast SEO plugin. -->","yoast_head_json":{"title":"POP (Plataforma de Organizaciones de Pacientes) eta Carolina Dariasen, Osasun ministroa, artean bilera - Alcer Guipuzkoa","robots":{"index":"index","follow":"follow","max-snippet":"max-snippet:-1","max-image-preview":"max-image-preview:large","max-video-preview":"max-video-preview:-1"},"canonical":"http:\/\/www.alcergipuzkoa.org\/encuentro-entre-pop-plataforma-de-organizaciones-de-pacientes-y-carolina-darias-ministra-de-sanidad\/","og_locale":"en_US","og_type":"article","og_title":"POP (Plataforma de Organizaciones de Pacientes) eta Carolina Dariasen, Osasun ministroa, artean bilera - Alcer Guipuzkoa","og_description":"Plataforma de Organizaciones de Pacientes (POP) Carolina Dariasekin, Osasun Ministroa, bildu da pandemiaren hasieratik gaixo kronikoen kalteberatasun egoera eta, Txertaketa Estrategian jasotzen diren gaur egungo irizpideen kezka adierazteko. Orobat, gaixo kronikoen beharrak haintzat hartuko dituen partehartze ereduaz hitz egin da, gaixo hauengan zuzenean eragiten duten erabakien hartzean ahotsa emanez. Jarraian, artikulu osoa berresango dugu: \u201cAs\u00ed","og_url":"http:\/\/www.alcergipuzkoa.org\/encuentro-entre-pop-plataforma-de-organizaciones-de-pacientes-y-carolina-darias-ministra-de-sanidad\/","og_site_name":"Alcer Guipuzkoa","article_published_time":"2021-03-01T09:48:20+00:00","article_modified_time":"2021-03-11T12:41:25+00:00","og_image":[{"width":893,"height":615,"url":"http:\/\/www.alcergipuzkoa.org\/wp-content\/uploads\/2021\/03\/Portada-3.jpg","type":"image\/jpeg"}],"author":"Alcer Gipuzkoa","twitter_card":"summary_large_image","twitter_misc":{"Written by":"Alcer Gipuzkoa","Est. reading time":"4 minutes"},"schema":{"@context":"https:\/\/schema.org","@graph":[{"@type":"Article","@id":"http:\/\/www.alcergipuzkoa.org\/encuentro-entre-pop-plataforma-de-organizaciones-de-pacientes-y-carolina-darias-ministra-de-sanidad\/#article","isPartOf":{"@id":"http:\/\/www.alcergipuzkoa.org\/encuentro-entre-pop-plataforma-de-organizaciones-de-pacientes-y-carolina-darias-ministra-de-sanidad\/"},"author":{"name":"Alcer Gipuzkoa","@id":"https:\/\/www.alcergipuzkoa.org\/#\/schema\/person\/0201658fcd3d30ba9f722c56730794ce"},"headline":"POP (Plataforma de Organizaciones de Pacientes) eta Carolina Dariasen, Osasun ministroa, artean bilera","datePublished":"2021-03-01T09:48:20+00:00","dateModified":"2021-03-11T12:41:25+00:00","mainEntityOfPage":{"@id":"http:\/\/www.alcergipuzkoa.org\/encuentro-entre-pop-plataforma-de-organizaciones-de-pacientes-y-carolina-darias-ministra-de-sanidad\/"},"wordCount":832,"publisher":{"@id":"https:\/\/www.alcergipuzkoa.org\/#organization"},"image":{"@id":"http:\/\/www.alcergipuzkoa.org\/encuentro-entre-pop-plataforma-de-organizaciones-de-pacientes-y-carolina-darias-ministra-de-sanidad\/#primaryimage"},"thumbnailUrl":"https:\/\/www.alcergipuzkoa.org\/wp-content\/uploads\/2021\/03\/Portada-3.jpg","articleSection":["Uncategorized @eu"],"inLanguage":"eu"},{"@type":"WebPage","@id":"http:\/\/www.alcergipuzkoa.org\/encuentro-entre-pop-plataforma-de-organizaciones-de-pacientes-y-carolina-darias-ministra-de-sanidad\/","url":"http:\/\/www.alcergipuzkoa.org\/encuentro-entre-pop-plataforma-de-organizaciones-de-pacientes-y-carolina-darias-ministra-de-sanidad\/","name":"POP (Plataforma de Organizaciones de Pacientes) eta Carolina Dariasen, Osasun ministroa, artean bilera - Alcer Guipuzkoa","isPartOf":{"@id":"https:\/\/www.alcergipuzkoa.org\/#website"},"primaryImageOfPage":{"@id":"http:\/\/www.alcergipuzkoa.org\/encuentro-entre-pop-plataforma-de-organizaciones-de-pacientes-y-carolina-darias-ministra-de-sanidad\/#primaryimage"},"image":{"@id":"http:\/\/www.alcergipuzkoa.org\/encuentro-entre-pop-plataforma-de-organizaciones-de-pacientes-y-carolina-darias-ministra-de-sanidad\/#primaryimage"},"thumbnailUrl":"https:\/\/www.alcergipuzkoa.org\/wp-content\/uploads\/2021\/03\/Portada-3.jpg","datePublished":"2021-03-01T09:48:20+00:00","dateModified":"2021-03-11T12:41:25+00:00","breadcrumb":{"@id":"http:\/\/www.alcergipuzkoa.org\/encuentro-entre-pop-plataforma-de-organizaciones-de-pacientes-y-carolina-darias-ministra-de-sanidad\/#breadcrumb"},"inLanguage":"eu","potentialAction":[{"@type":"ReadAction","target":["http:\/\/www.alcergipuzkoa.org\/encuentro-entre-pop-plataforma-de-organizaciones-de-pacientes-y-carolina-darias-ministra-de-sanidad\/"]}]},{"@type":"ImageObject","inLanguage":"eu","@id":"http:\/\/www.alcergipuzkoa.org\/encuentro-entre-pop-plataforma-de-organizaciones-de-pacientes-y-carolina-darias-ministra-de-sanidad\/#primaryimage","url":"https:\/\/www.alcergipuzkoa.org\/wp-content\/uploads\/2021\/03\/Portada-3.jpg","contentUrl":"https:\/\/www.alcergipuzkoa.org\/wp-content\/uploads\/2021\/03\/Portada-3.jpg","width":893,"height":615},{"@type":"BreadcrumbList","@id":"http:\/\/www.alcergipuzkoa.org\/encuentro-entre-pop-plataforma-de-organizaciones-de-pacientes-y-carolina-darias-ministra-de-sanidad\/#breadcrumb","itemListElement":[{"@type":"ListItem","position":1,"name":"Portada","item":"https:\/\/www.alcergipuzkoa.org\/eu\/"},{"@type":"ListItem","position":2,"name":"POP (Plataforma de Organizaciones de Pacientes) eta Carolina Dariasen, Osasun ministroa, artean bilera"}]},{"@type":"WebSite","@id":"https:\/\/www.alcergipuzkoa.org\/#website","url":"https:\/\/www.alcergipuzkoa.org\/","name":"Alcer Gipuzkoa","description":"Guztion laguntzarekin","publisher":{"@id":"https:\/\/www.alcergipuzkoa.org\/#organization"},"potentialAction":[{"@type":"SearchAction","target":{"@type":"EntryPoint","urlTemplate":"https:\/\/www.alcergipuzkoa.org\/?s={search_term_string}"},"query-input":"required name=search_term_string"}],"inLanguage":"eu"},{"@type":"Organization","@id":"https:\/\/www.alcergipuzkoa.org\/#organization","name":"Alcer Gipuzkoa","url":"https:\/\/www.alcergipuzkoa.org\/","logo":{"@type":"ImageObject","inLanguage":"eu","@id":"https:\/\/www.alcergipuzkoa.org\/#\/schema\/logo\/image\/","url":"https:\/\/www.alcergipuzkoa.org\/wp-content\/uploads\/2024\/04\/LOGO_MENU-01.png","contentUrl":"https:\/\/www.alcergipuzkoa.org\/wp-content\/uploads\/2024\/04\/LOGO_MENU-01.png","width":2015,"height":661,"caption":"Alcer Gipuzkoa"},"image":{"@id":"https:\/\/www.alcergipuzkoa.org\/#\/schema\/logo\/image\/"}},{"@type":"Person","@id":"https:\/\/www.alcergipuzkoa.org\/#\/schema\/person\/0201658fcd3d30ba9f722c56730794ce","name":"Alcer Gipuzkoa","image":{"@type":"ImageObject","inLanguage":"eu","@id":"https:\/\/www.alcergipuzkoa.org\/#\/schema\/person\/image\/","url":"https:\/\/secure.gravatar.com\/avatar\/fa15fb5830e3ec0132f1dfaf805fe6a9?s=96&d=blank&r=g","contentUrl":"https:\/\/secure.gravatar.com\/avatar\/fa15fb5830e3ec0132f1dfaf805fe6a9?s=96&d=blank&r=g","caption":"Alcer Gipuzkoa"},"sameAs":["http:\/\/www.alcergipuzkoa.org"],"url":"https:\/\/www.alcergipuzkoa.org\/eu\/author\/administrador\/"}]}},"_links":{"self":[{"href":"https:\/\/www.alcergipuzkoa.org\/eu\/wp-json\/wp\/v2\/posts\/2218"}],"collection":[{"href":"https:\/\/www.alcergipuzkoa.org\/eu\/wp-json\/wp\/v2\/posts"}],"about":[{"href":"https:\/\/www.alcergipuzkoa.org\/eu\/wp-json\/wp\/v2\/types\/post"}],"author":[{"embeddable":true,"href":"https:\/\/www.alcergipuzkoa.org\/eu\/wp-json\/wp\/v2\/users\/1"}],"replies":[{"embeddable":true,"href":"https:\/\/www.alcergipuzkoa.org\/eu\/wp-json\/wp\/v2\/comments?post=2218"}],"version-history":[{"count":1,"href":"https:\/\/www.alcergipuzkoa.org\/eu\/wp-json\/wp\/v2\/posts\/2218\/revisions"}],"predecessor-version":[{"id":2219,"href":"https:\/\/www.alcergipuzkoa.org\/eu\/wp-json\/wp\/v2\/posts\/2218\/revisions\/2219"}],"wp:featuredmedia":[{"embeddable":true,"href":"https:\/\/www.alcergipuzkoa.org\/eu\/wp-json\/wp\/v2\/media\/2220"}],"wp:attachment":[{"href":"https:\/\/www.alcergipuzkoa.org\/eu\/wp-json\/wp\/v2\/media?parent=2218"}],"wp:term":[{"taxonomy":"category","embeddable":true,"href":"https:\/\/www.alcergipuzkoa.org\/eu\/wp-json\/wp\/v2\/categories?post=2218"},{"taxonomy":"post_tag","embeddable":true,"href":"https:\/\/www.alcergipuzkoa.org\/eu\/wp-json\/wp\/v2\/tags?post=2218"}],"curies":[{"name":"wp","href":"https:\/\/api.w.org\/{rel}","templated":true}]}}