{"id":2211,"date":"2021-03-01T09:04:07","date_gmt":"2021-03-01T09:04:07","guid":{"rendered":"http:\/\/www.alcergipuzkoa.org\/?p=2211"},"modified":"2021-03-11T12:40:59","modified_gmt":"2021-03-11T12:40:59","slug":"cocemfe-k-confederacion-espanola-de-personas-con-discapacidad-fisica-y-organica-erabakiak-hartzerakoan-talde-hau-kontuan-hartzeko-eskatu-dio-kongresuari","status":"publish","type":"post","link":"https:\/\/www.alcergipuzkoa.org\/eu\/cocemfe-k-confederacion-espanola-de-personas-con-discapacidad-fisica-y-organica-erabakiak-hartzerakoan-talde-hau-kontuan-hartzeko-eskatu-dio-kongresuari\/","title":{"rendered":"COCEMFE-k  (Confederaci\u00f3n  Espa\u00f1ola  de  Personas  con  discapacidad  f\u00edsica  y  org\u00e1nica)  erabakiak  hartzerakoan  talde  hau  kontuan  hartzeko  eskatu  dio  Kongresuari"},"content":{"rendered":"<p>COCEMFE-k  (Confederaci\u00f3n  Espa\u00f1ola  de  Personas  con  discapacidad  f\u00edsica  y  org\u00e1nica)  ezgaitasun  fisiko  eta  organikoa  duten  pertsonei  lotutako  erabakiak  hartzerakoan  talde  hau  kontuan  hartzeko  eskatu  dio  Kongresuari.  Erabaki  hauek  arlo  ezberdinei  lotuta  daude:  osasun  laguntza,  pandemia,  irisgarritasuna,  enplegua,  besteen  artean.<\/p>\n<p>Jarraian,  artikulu  osoa  berresango  dugu:<\/p>\n<p><em>\u201cEl  presidente  de  la  Confederaci\u00f3n  Espa\u00f1ola  de  Personas  con  Discapacidad  F\u00edsica  y  Org\u00e1nica  (COCEMFE),  Anxo  Queiruga,  ha  reclamado  este  mi\u00e9rcoles  a  los  partidos  pol\u00edticos  que  \u201cno  vuelva  a  ocurrir  que  se  aprueben  normas  que  nos  afectan  sin  habernos  consultado\u201d  y  pidi\u00f3  utilizar  \u201ctodos  los  mecanismos  democr\u00e1ticos  y  de  interlocuci\u00f3n  para  construir\u201d.<\/em><\/p>\n<p><em>As\u00ed  lo  ha  puesto  de  manifiesto  durante  su  intervenci\u00f3n  en  la  Comisi\u00f3n  de  Derechos  Sociales  y  Pol\u00edticas  Integrales  de  la  Discapacidad  del  Congreso  de  los  Diputados,  en  la  que  Queiruga  ha  explicado  c\u00f3mo  est\u00e1  afectando  la  pandemia  a  las  personas  con  discapacidad  f\u00edsica  y  org\u00e1nica,  las  propuestas  de  COCEMFE  para  paliar  las  graves  consecuencias  en  la  calidad  de  vida  y  ejercicio  de  derechos  de  este  grupo  social  y  las  necesidades  que,  al  margen  de  la  COVID-19,  requieren  respuesta  por  parte  de  los  poderes  p\u00fablicos.<\/em><\/p>\n<p><em>\u201cLas  personas  con  discapacidad  f\u00edsica  y  org\u00e1nica  de  nuestro  pa\u00eds  hemos  vivido  un  enorme  retroceso  de  nuestros  derechos  este  \u00faltimo  a\u00f1o\u201d,  ha  se\u00f1alado  Queiruga,  que,  aunque  reconoce  que  \u201ctoda  esta  situaci\u00f3n  est\u00e1  afectando  a  la  poblaci\u00f3n  en  general\u201d,  destaca  que  \u201cen  nuestro  caso  es  un  riesgo  realmente  grave  que  afecta  a  nuestra  salud  y  calidad  de  vida\u201d  y  ha  a\u00f1adido  que  \u201ca  pesar  de  ello,  no  se  ha  tenido  en  cuenta  la  situaci\u00f3n  de  discapacidad  desde  el  principio  de  la  pandemia  en  la  normativa  aprobada.<\/em><\/p>\n<p><em>Con  respecto  a  la  vacuna,  el  presidente  de  COCEMFE  hecho  hincapi\u00e9  en  que  \u201cen  nuestro  grupo  social  hay  un  mayor  riesgo  de  contagio,  o  de  desarrollar  una  COVID-19  grave,  de  ver  agravada  nuestra  condici\u00f3n  o  un  mayor  riesgo  de  mortalidad\u201d,  por  lo  que  \u201ccreemos  que  es  fundamental  que  se  vacune  a  la  poblaci\u00f3n  en  funci\u00f3n  del  grado  de  vulnerabilidad  ante  la  COVID-19  m\u00e1s  que  en  relaci\u00f3n  a  otros  criterios  m\u00e1s  aleatorios\u201d.<\/em><\/p>\n<p><em>Queiruga  ha  destacado  \u201cnecesidad  urgente  de  conseguir  una  coordinaci\u00f3n  sociosanitaria  real  y  efectiva\u201d,  ya  que,  a  su  juicio,  \u201cevitar\u00eda  duplicidades,  contribuir\u00eda  a  la  sostenibilidad  del  sistema\u201d  y,  adem\u00e1s,  \u201cpermitir\u00eda  ofrecer  respuestas  coordinadas,  integradas,  colaborativas  y  complementarias  ajustadas  a  las  necesidades  de  las  personas\u201d.<\/em><\/p>\n<p><em>Por  otro  lado,  el  presidente  de  la  Confederaci\u00f3n  ha  argumentado  que  \u201ces  imprescindible\u201d  actualizar  el  baremo  de  valoraci\u00f3n  de  discapacidad  para  acceder  a  la  condici\u00f3n  legal  de  persona  con  discapacidad,  porque  \u201chay  personas  a  las  que  se  ha  vulnerado  los  derechos  y  otras  tantas  a  las  que  ni  si  quiera  se  los  ha  reconocido  el  sistema\u201d.<\/em><\/p>\n<p><em>Asimismo,  Queiruga  ha  repasado  reivindicaciones  hist\u00f3ricas  por  parte  del  Movimiento  Asociativo  de  COCEMFE  como  la  necesidad  de  reformar  la  Ley  de  Propiedad  Horizontal  para  que  \u201csea  obligatorio  realizar  obras  de  accesibilidad  en  todos  los  edificios  donde  vivan  o  trabajen  personas  con  discapacidad,  en  situaci\u00f3n  de  dependencia  o  personas  mayores\u201d.<\/em><\/p>\n<p><em>\u201cApostamos  tambi\u00e9n  por  crear  una  nueva  Ley  General  de  empleo  que  ponga  en  marcha  un  nuevo  modelo  que  aparte  de  armonizar  todas  las  medidas  existentes  en  la  actualidad,  incluya  nuevas  medidas  que  mejoren  la  empleabilidad  de  nuestro  grupo  social\u201d,  ha  indicado  el  presidente  de  la  Confederaci\u00f3n,  al  tiempo  que  ha  pedido  que  \u201cse  asegure  la  equiparaci\u00f3n  legal  entre  la  situaci\u00f3n  de  la  incapacidad  laboral  permanente  y  la  discapacidad,  para  el  \u00e1mbito  del  empleo\u201d.<\/em><\/p>\n<p><em>Durante  su  intervenci\u00f3n,  Queiruga,  ha  reivindicado  el  derecho  de  las  personas  con  discapacidad  f\u00edsica  y  org\u00e1nica  a  la  autonom\u00eda  y  ha  asegurado  que  \u201ces  necesario  cambiar  el  paradigma  de  atenci\u00f3n  a  la  dependencia  que  impera  en  nuestro  pa\u00eds,  hacia  un  modelo  de  autonom\u00eda  personal  centrado  en  la  persona\u201d.  \u201cLa  asistencia  personal  es  un  derecho  en  nuestro  pa\u00eds  desde  2006,  pero  si  no  llega  a  la  gente,  no  existe.  Tenemos  que  poner  soluci\u00f3n.  Urge  una  regulaci\u00f3n  laboral  para  la  figura  de  Asistencia  Personal\u201d,  ha  manifestado.<\/em><\/p>\n<p><em>Otro  de  los  puntos  clave  fue  la  defensa  de  que  \u201ctanto  la  variable  g\u00e9nero  como  la  variable  de  discapacidad  sean  incorporadas  transversalmente  en  el  dise\u00f1o  e  implementaci\u00f3n  de  pol\u00edticas  p\u00fablicas,  y  que  las  administraciones  apuesten  por  la  interlocuci\u00f3n  del  Movimiento  Asociativo  de  las  personas  con  discapacidad  y  de  las  mujeres  con  discapacidad\u201d.<\/em><\/p>\n<p><em>El  presidente  de  COCEMFE  ha  sostenido  la  puesta  de  COCEMFE  por  \u201cun  desarrollo  rural  inclusivo  que  impida  que  las  personas  con  discapacidad  nos  veamos  obligadas  a  huir  de  nuestros  lugares  de  origen\u201d  y  tambi\u00e9n  ha  mencionado  que  \u201cen  un  mundo  cada  vez  m\u00e1s  globalizado  y  cada  vez  m\u00e1s  informatizado,  tenemos  que  garantizar  el  acceso  a  las  Tecnolog\u00edas  de  la  Informaci\u00f3n  y  la  Comunicaci\u00f3n  por  parte  de  las  personas  con  discapacidad\u201d.<\/em><\/p>\n<p><em>A  colaci\u00f3n,  ha  concluido  que  \u201cla  problem\u00e1tica  de  la  brecha  digital  tiene  mucha  relaci\u00f3n  con  la  educaci\u00f3n\u201d,  puesto  que  \u201cdurante  la  pandemia,  las  necesidades  del  alumnado  con  discapacidad  han  quedado  desatendidas  y  no  se  han  puesto  a  su  disposici\u00f3n  los  medios  de  apoyo  necesarios\u201d  y  ha  sostenido  que  \u201cEspa\u00f1a  tiene  que  garantizar  recursos  para  una  educaci\u00f3n  inclusiva,  gratuita  y  de  calidad\u201d.<\/em><\/p>\n<p><em>Por  \u00faltimo,  Queiruga  ha  trasladado  a  los  partidos  pol\u00edticos  \u201cla  problem\u00e1tica  de  sostenibilidad  que  tenemos  las  organizaciones\u201d  y  a  este  respecto  ha  detallado  que  \u201ccada  a\u00f1o,  m\u00e1s  de  un  mill\u00f3n  de  personas  se  benefician  de  la  labor  que  hacemos  desde  COCEMFE  y  nuestro  Movimiento  Asociativo,  pero  nunca  sabemos  si  podremos  seguir  haci\u00e9ndolo  al  a\u00f1o  siguiente\u201d,  porque  \u201cvivimos  en  una  situaci\u00f3n  permanente  de  incertidumbre  a  nivel  econ\u00f3mico\u201d.<\/em><\/p>\n<p><em>\u201cDebemos  generar  un  modelo  de  sostenibilidad  que  supere  el  modelo  tradicional  de  subvenciones  y  que  nos  saque  del  eterno  conflicto  competencial\u201d,  ha  incidido  Queiruga,  quien  tambi\u00e9n  ha  pedido  \u201cpoder  acceder  a  los  fondos  europeos  de  resiliencia\u201d.\u201d<\/em><\/p>\n<p>Iturria:  2021eko  otsailaren  22an  COCEMFE-n  argitaratua<\/p>\n<p><span style=\"color: #0000ff;\"><a style=\"color: #0000ff;\" href=\"https:\/\/www.cocemfe.es\/informate\/noticias\/cocemfe-pide-al-congreso-que-escuche-a-las-personas-con-discapacidad\/\">https:\/\/www.cocemfe.es\/informate\/noticias\/cocemfe-pide-al-congreso-que-escuche-a-las-personas-con-discapacidad\/<\/a><\/span><\/p>\n","protected":false},"excerpt":{"rendered":"<p>COCEMFE-k  (Confederaci\u00f3n  Espa\u00f1ola  de  Personas  con  discapacidad  f\u00edsica  y  org\u00e1nica)  ezgaitasun  fisiko  eta  organikoa  duten  pertsonei  lotutako  erabakiak  hartzerakoan  talde  hau  kontuan  hartzeko  eskatu  dio  Kongresuari.  Erabaki  hauek  arlo  ezberdinei  lotuta  daude:  osasun  laguntza,  pandemia,  irisgarritasuna,  enplegua,  besteen  artean.  Jarraian,  artikulu  osoa  berresango  dugu:  \u201cEl  presidente  de  la  Confederaci\u00f3n  Espa\u00f1ola  de  Personas  con  Discapacidad  F\u00edsica<\/p>\n","protected":false},"author":1,"featured_media":2212,"comment_status":"closed","ping_status":"open","sticky":false,"template":"","format":"standard","meta":{"ngg_post_thumbnail":0,"footnotes":""},"categories":[2],"tags":[],"yoast_head":"<!-- This site is optimized with the Yoast SEO plugin v22.7 - https:\/\/yoast.com\/wordpress\/plugins\/seo\/ -->\n<title>COCEMFE-k (Confederaci\u00f3n Espa\u00f1ola de Personas con discapacidad f\u00edsica y org\u00e1nica) erabakiak hartzerakoan talde hau kontuan hartzeko eskatu dio Kongresuari - Alcer Guipuzkoa<\/title>\n<meta name=\"robots\" content=\"index, follow, max-snippet:-1, max-image-preview:large, max-video-preview:-1\" \/>\n<link rel=\"canonical\" href=\"http:\/\/www.alcergipuzkoa.org\/cocemfe-confederacion-espanola-de-personas-con-discapacidad-fisica-y-organica-solicita-al-congreso-que-se-tenga-en-cuenta-al-colectivo-para-la-toma-de-decisiones\/\" \/>\n<meta property=\"og:locale\" content=\"en_US\" \/>\n<meta property=\"og:type\" content=\"article\" \/>\n<meta property=\"og:title\" content=\"COCEMFE-k (Confederaci\u00f3n Espa\u00f1ola de Personas con discapacidad f\u00edsica y org\u00e1nica) erabakiak hartzerakoan talde hau kontuan hartzeko eskatu dio Kongresuari - Alcer Guipuzkoa\" \/>\n<meta property=\"og:description\" content=\"COCEMFE-k (Confederaci\u00f3n Espa\u00f1ola de Personas con discapacidad f\u00edsica y org\u00e1nica) ezgaitasun fisiko eta organikoa duten pertsonei lotutako erabakiak hartzerakoan talde hau kontuan hartzeko eskatu dio Kongresuari. Erabaki hauek arlo ezberdinei lotuta daude: osasun laguntza, pandemia, irisgarritasuna, enplegua, besteen artean. Jarraian, artikulu osoa berresango dugu: \u201cEl presidente de la Confederaci\u00f3n Espa\u00f1ola de Personas con Discapacidad F\u00edsica\" \/>\n<meta property=\"og:url\" content=\"http:\/\/www.alcergipuzkoa.org\/cocemfe-confederacion-espanola-de-personas-con-discapacidad-fisica-y-organica-solicita-al-congreso-que-se-tenga-en-cuenta-al-colectivo-para-la-toma-de-decisiones\/\" \/>\n<meta property=\"og:site_name\" content=\"Alcer Guipuzkoa\" \/>\n<meta property=\"article:published_time\" content=\"2021-03-01T09:04:07+00:00\" \/>\n<meta property=\"article:modified_time\" content=\"2021-03-11T12:40:59+00:00\" \/>\n<meta property=\"og:image\" content=\"http:\/\/www.alcergipuzkoa.org\/wp-content\/uploads\/2021\/03\/Portada-1.jpg\" \/>\n\t<meta property=\"og:image:width\" content=\"1099\" \/>\n\t<meta property=\"og:image:height\" content=\"609\" \/>\n\t<meta property=\"og:image:type\" content=\"image\/jpeg\" \/>\n<meta name=\"author\" content=\"Alcer Gipuzkoa\" \/>\n<meta name=\"twitter:card\" content=\"summary_large_image\" \/>\n<meta name=\"twitter:label1\" content=\"Written by\" \/>\n\t<meta name=\"twitter:data1\" content=\"Alcer Gipuzkoa\" \/>\n\t<meta name=\"twitter:label2\" content=\"Est. reading time\" \/>\n\t<meta name=\"twitter:data2\" content=\"5 minutes\" \/>\n<script type=\"application\/ld+json\" class=\"yoast-schema-graph\">{\"@context\":\"https:\/\/schema.org\",\"@graph\":[{\"@type\":\"Article\",\"@id\":\"http:\/\/www.alcergipuzkoa.org\/cocemfe-confederacion-espanola-de-personas-con-discapacidad-fisica-y-organica-solicita-al-congreso-que-se-tenga-en-cuenta-al-colectivo-para-la-toma-de-decisiones\/#article\",\"isPartOf\":{\"@id\":\"http:\/\/www.alcergipuzkoa.org\/cocemfe-confederacion-espanola-de-personas-con-discapacidad-fisica-y-organica-solicita-al-congreso-que-se-tenga-en-cuenta-al-colectivo-para-la-toma-de-decisiones\/\"},\"author\":{\"name\":\"Alcer Gipuzkoa\",\"@id\":\"https:\/\/www.alcergipuzkoa.org\/#\/schema\/person\/0201658fcd3d30ba9f722c56730794ce\"},\"headline\":\"COCEMFE-k (Confederaci\u00f3n Espa\u00f1ola de Personas con discapacidad f\u00edsica y org\u00e1nica) erabakiak hartzerakoan talde hau kontuan hartzeko eskatu dio Kongresuari\",\"datePublished\":\"2021-03-01T09:04:07+00:00\",\"dateModified\":\"2021-03-11T12:40:59+00:00\",\"mainEntityOfPage\":{\"@id\":\"http:\/\/www.alcergipuzkoa.org\/cocemfe-confederacion-espanola-de-personas-con-discapacidad-fisica-y-organica-solicita-al-congreso-que-se-tenga-en-cuenta-al-colectivo-para-la-toma-de-decisiones\/\"},\"wordCount\":1047,\"publisher\":{\"@id\":\"https:\/\/www.alcergipuzkoa.org\/#organization\"},\"image\":{\"@id\":\"http:\/\/www.alcergipuzkoa.org\/cocemfe-confederacion-espanola-de-personas-con-discapacidad-fisica-y-organica-solicita-al-congreso-que-se-tenga-en-cuenta-al-colectivo-para-la-toma-de-decisiones\/#primaryimage\"},\"thumbnailUrl\":\"https:\/\/www.alcergipuzkoa.org\/wp-content\/uploads\/2021\/03\/Portada-1.jpg\",\"articleSection\":[\"Uncategorized @eu\"],\"inLanguage\":\"eu\"},{\"@type\":\"WebPage\",\"@id\":\"http:\/\/www.alcergipuzkoa.org\/cocemfe-confederacion-espanola-de-personas-con-discapacidad-fisica-y-organica-solicita-al-congreso-que-se-tenga-en-cuenta-al-colectivo-para-la-toma-de-decisiones\/\",\"url\":\"http:\/\/www.alcergipuzkoa.org\/cocemfe-confederacion-espanola-de-personas-con-discapacidad-fisica-y-organica-solicita-al-congreso-que-se-tenga-en-cuenta-al-colectivo-para-la-toma-de-decisiones\/\",\"name\":\"COCEMFE-k (Confederaci\u00f3n Espa\u00f1ola de Personas con discapacidad f\u00edsica y org\u00e1nica) erabakiak hartzerakoan talde hau kontuan hartzeko eskatu dio Kongresuari - Alcer Guipuzkoa\",\"isPartOf\":{\"@id\":\"https:\/\/www.alcergipuzkoa.org\/#website\"},\"primaryImageOfPage\":{\"@id\":\"http:\/\/www.alcergipuzkoa.org\/cocemfe-confederacion-espanola-de-personas-con-discapacidad-fisica-y-organica-solicita-al-congreso-que-se-tenga-en-cuenta-al-colectivo-para-la-toma-de-decisiones\/#primaryimage\"},\"image\":{\"@id\":\"http:\/\/www.alcergipuzkoa.org\/cocemfe-confederacion-espanola-de-personas-con-discapacidad-fisica-y-organica-solicita-al-congreso-que-se-tenga-en-cuenta-al-colectivo-para-la-toma-de-decisiones\/#primaryimage\"},\"thumbnailUrl\":\"https:\/\/www.alcergipuzkoa.org\/wp-content\/uploads\/2021\/03\/Portada-1.jpg\",\"datePublished\":\"2021-03-01T09:04:07+00:00\",\"dateModified\":\"2021-03-11T12:40:59+00:00\",\"breadcrumb\":{\"@id\":\"http:\/\/www.alcergipuzkoa.org\/cocemfe-confederacion-espanola-de-personas-con-discapacidad-fisica-y-organica-solicita-al-congreso-que-se-tenga-en-cuenta-al-colectivo-para-la-toma-de-decisiones\/#breadcrumb\"},\"inLanguage\":\"eu\",\"potentialAction\":[{\"@type\":\"ReadAction\",\"target\":[\"http:\/\/www.alcergipuzkoa.org\/cocemfe-confederacion-espanola-de-personas-con-discapacidad-fisica-y-organica-solicita-al-congreso-que-se-tenga-en-cuenta-al-colectivo-para-la-toma-de-decisiones\/\"]}]},{\"@type\":\"ImageObject\",\"inLanguage\":\"eu\",\"@id\":\"http:\/\/www.alcergipuzkoa.org\/cocemfe-confederacion-espanola-de-personas-con-discapacidad-fisica-y-organica-solicita-al-congreso-que-se-tenga-en-cuenta-al-colectivo-para-la-toma-de-decisiones\/#primaryimage\",\"url\":\"https:\/\/www.alcergipuzkoa.org\/wp-content\/uploads\/2021\/03\/Portada-1.jpg\",\"contentUrl\":\"https:\/\/www.alcergipuzkoa.org\/wp-content\/uploads\/2021\/03\/Portada-1.jpg\",\"width\":1099,\"height\":609},{\"@type\":\"BreadcrumbList\",\"@id\":\"http:\/\/www.alcergipuzkoa.org\/cocemfe-confederacion-espanola-de-personas-con-discapacidad-fisica-y-organica-solicita-al-congreso-que-se-tenga-en-cuenta-al-colectivo-para-la-toma-de-decisiones\/#breadcrumb\",\"itemListElement\":[{\"@type\":\"ListItem\",\"position\":1,\"name\":\"Portada\",\"item\":\"https:\/\/www.alcergipuzkoa.org\/eu\/\"},{\"@type\":\"ListItem\",\"position\":2,\"name\":\"COCEMFE-k (Confederaci\u00f3n Espa\u00f1ola de Personas con discapacidad f\u00edsica y org\u00e1nica) erabakiak hartzerakoan talde hau kontuan hartzeko eskatu dio Kongresuari\"}]},{\"@type\":\"WebSite\",\"@id\":\"https:\/\/www.alcergipuzkoa.org\/#website\",\"url\":\"https:\/\/www.alcergipuzkoa.org\/\",\"name\":\"Alcer Gipuzkoa\",\"description\":\"Guztion laguntzarekin\",\"publisher\":{\"@id\":\"https:\/\/www.alcergipuzkoa.org\/#organization\"},\"potentialAction\":[{\"@type\":\"SearchAction\",\"target\":{\"@type\":\"EntryPoint\",\"urlTemplate\":\"https:\/\/www.alcergipuzkoa.org\/?s={search_term_string}\"},\"query-input\":\"required name=search_term_string\"}],\"inLanguage\":\"eu\"},{\"@type\":\"Organization\",\"@id\":\"https:\/\/www.alcergipuzkoa.org\/#organization\",\"name\":\"Alcer Gipuzkoa\",\"url\":\"https:\/\/www.alcergipuzkoa.org\/\",\"logo\":{\"@type\":\"ImageObject\",\"inLanguage\":\"eu\",\"@id\":\"https:\/\/www.alcergipuzkoa.org\/#\/schema\/logo\/image\/\",\"url\":\"https:\/\/www.alcergipuzkoa.org\/wp-content\/uploads\/2024\/04\/LOGO_MENU-01.png\",\"contentUrl\":\"https:\/\/www.alcergipuzkoa.org\/wp-content\/uploads\/2024\/04\/LOGO_MENU-01.png\",\"width\":2015,\"height\":661,\"caption\":\"Alcer Gipuzkoa\"},\"image\":{\"@id\":\"https:\/\/www.alcergipuzkoa.org\/#\/schema\/logo\/image\/\"}},{\"@type\":\"Person\",\"@id\":\"https:\/\/www.alcergipuzkoa.org\/#\/schema\/person\/0201658fcd3d30ba9f722c56730794ce\",\"name\":\"Alcer Gipuzkoa\",\"image\":{\"@type\":\"ImageObject\",\"inLanguage\":\"eu\",\"@id\":\"https:\/\/www.alcergipuzkoa.org\/#\/schema\/person\/image\/\",\"url\":\"https:\/\/secure.gravatar.com\/avatar\/fa15fb5830e3ec0132f1dfaf805fe6a9?s=96&d=blank&r=g\",\"contentUrl\":\"https:\/\/secure.gravatar.com\/avatar\/fa15fb5830e3ec0132f1dfaf805fe6a9?s=96&d=blank&r=g\",\"caption\":\"Alcer Gipuzkoa\"},\"sameAs\":[\"http:\/\/www.alcergipuzkoa.org\"],\"url\":\"https:\/\/www.alcergipuzkoa.org\/eu\/author\/administrador\/\"}]}<\/script>\n<!-- \/ Yoast SEO plugin. -->","yoast_head_json":{"title":"COCEMFE-k (Confederaci\u00f3n Espa\u00f1ola de Personas con discapacidad f\u00edsica y org\u00e1nica) erabakiak hartzerakoan talde hau kontuan hartzeko eskatu dio Kongresuari - Alcer Guipuzkoa","robots":{"index":"index","follow":"follow","max-snippet":"max-snippet:-1","max-image-preview":"max-image-preview:large","max-video-preview":"max-video-preview:-1"},"canonical":"http:\/\/www.alcergipuzkoa.org\/cocemfe-confederacion-espanola-de-personas-con-discapacidad-fisica-y-organica-solicita-al-congreso-que-se-tenga-en-cuenta-al-colectivo-para-la-toma-de-decisiones\/","og_locale":"en_US","og_type":"article","og_title":"COCEMFE-k (Confederaci\u00f3n Espa\u00f1ola de Personas con discapacidad f\u00edsica y org\u00e1nica) erabakiak hartzerakoan talde hau kontuan hartzeko eskatu dio Kongresuari - Alcer Guipuzkoa","og_description":"COCEMFE-k (Confederaci\u00f3n Espa\u00f1ola de Personas con discapacidad f\u00edsica y org\u00e1nica) ezgaitasun fisiko eta organikoa duten pertsonei lotutako erabakiak hartzerakoan talde hau kontuan hartzeko eskatu dio Kongresuari. Erabaki hauek arlo ezberdinei lotuta daude: osasun laguntza, pandemia, irisgarritasuna, enplegua, besteen artean. Jarraian, artikulu osoa berresango dugu: \u201cEl presidente de la Confederaci\u00f3n Espa\u00f1ola de Personas con Discapacidad F\u00edsica","og_url":"http:\/\/www.alcergipuzkoa.org\/cocemfe-confederacion-espanola-de-personas-con-discapacidad-fisica-y-organica-solicita-al-congreso-que-se-tenga-en-cuenta-al-colectivo-para-la-toma-de-decisiones\/","og_site_name":"Alcer Guipuzkoa","article_published_time":"2021-03-01T09:04:07+00:00","article_modified_time":"2021-03-11T12:40:59+00:00","og_image":[{"width":1099,"height":609,"url":"http:\/\/www.alcergipuzkoa.org\/wp-content\/uploads\/2021\/03\/Portada-1.jpg","type":"image\/jpeg"}],"author":"Alcer Gipuzkoa","twitter_card":"summary_large_image","twitter_misc":{"Written by":"Alcer Gipuzkoa","Est. reading time":"5 minutes"},"schema":{"@context":"https:\/\/schema.org","@graph":[{"@type":"Article","@id":"http:\/\/www.alcergipuzkoa.org\/cocemfe-confederacion-espanola-de-personas-con-discapacidad-fisica-y-organica-solicita-al-congreso-que-se-tenga-en-cuenta-al-colectivo-para-la-toma-de-decisiones\/#article","isPartOf":{"@id":"http:\/\/www.alcergipuzkoa.org\/cocemfe-confederacion-espanola-de-personas-con-discapacidad-fisica-y-organica-solicita-al-congreso-que-se-tenga-en-cuenta-al-colectivo-para-la-toma-de-decisiones\/"},"author":{"name":"Alcer Gipuzkoa","@id":"https:\/\/www.alcergipuzkoa.org\/#\/schema\/person\/0201658fcd3d30ba9f722c56730794ce"},"headline":"COCEMFE-k (Confederaci\u00f3n Espa\u00f1ola de Personas con discapacidad f\u00edsica y org\u00e1nica) erabakiak hartzerakoan talde hau kontuan hartzeko eskatu dio Kongresuari","datePublished":"2021-03-01T09:04:07+00:00","dateModified":"2021-03-11T12:40:59+00:00","mainEntityOfPage":{"@id":"http:\/\/www.alcergipuzkoa.org\/cocemfe-confederacion-espanola-de-personas-con-discapacidad-fisica-y-organica-solicita-al-congreso-que-se-tenga-en-cuenta-al-colectivo-para-la-toma-de-decisiones\/"},"wordCount":1047,"publisher":{"@id":"https:\/\/www.alcergipuzkoa.org\/#organization"},"image":{"@id":"http:\/\/www.alcergipuzkoa.org\/cocemfe-confederacion-espanola-de-personas-con-discapacidad-fisica-y-organica-solicita-al-congreso-que-se-tenga-en-cuenta-al-colectivo-para-la-toma-de-decisiones\/#primaryimage"},"thumbnailUrl":"https:\/\/www.alcergipuzkoa.org\/wp-content\/uploads\/2021\/03\/Portada-1.jpg","articleSection":["Uncategorized @eu"],"inLanguage":"eu"},{"@type":"WebPage","@id":"http:\/\/www.alcergipuzkoa.org\/cocemfe-confederacion-espanola-de-personas-con-discapacidad-fisica-y-organica-solicita-al-congreso-que-se-tenga-en-cuenta-al-colectivo-para-la-toma-de-decisiones\/","url":"http:\/\/www.alcergipuzkoa.org\/cocemfe-confederacion-espanola-de-personas-con-discapacidad-fisica-y-organica-solicita-al-congreso-que-se-tenga-en-cuenta-al-colectivo-para-la-toma-de-decisiones\/","name":"COCEMFE-k (Confederaci\u00f3n Espa\u00f1ola de Personas con discapacidad f\u00edsica y org\u00e1nica) erabakiak hartzerakoan talde hau kontuan hartzeko eskatu dio Kongresuari - Alcer Guipuzkoa","isPartOf":{"@id":"https:\/\/www.alcergipuzkoa.org\/#website"},"primaryImageOfPage":{"@id":"http:\/\/www.alcergipuzkoa.org\/cocemfe-confederacion-espanola-de-personas-con-discapacidad-fisica-y-organica-solicita-al-congreso-que-se-tenga-en-cuenta-al-colectivo-para-la-toma-de-decisiones\/#primaryimage"},"image":{"@id":"http:\/\/www.alcergipuzkoa.org\/cocemfe-confederacion-espanola-de-personas-con-discapacidad-fisica-y-organica-solicita-al-congreso-que-se-tenga-en-cuenta-al-colectivo-para-la-toma-de-decisiones\/#primaryimage"},"thumbnailUrl":"https:\/\/www.alcergipuzkoa.org\/wp-content\/uploads\/2021\/03\/Portada-1.jpg","datePublished":"2021-03-01T09:04:07+00:00","dateModified":"2021-03-11T12:40:59+00:00","breadcrumb":{"@id":"http:\/\/www.alcergipuzkoa.org\/cocemfe-confederacion-espanola-de-personas-con-discapacidad-fisica-y-organica-solicita-al-congreso-que-se-tenga-en-cuenta-al-colectivo-para-la-toma-de-decisiones\/#breadcrumb"},"inLanguage":"eu","potentialAction":[{"@type":"ReadAction","target":["http:\/\/www.alcergipuzkoa.org\/cocemfe-confederacion-espanola-de-personas-con-discapacidad-fisica-y-organica-solicita-al-congreso-que-se-tenga-en-cuenta-al-colectivo-para-la-toma-de-decisiones\/"]}]},{"@type":"ImageObject","inLanguage":"eu","@id":"http:\/\/www.alcergipuzkoa.org\/cocemfe-confederacion-espanola-de-personas-con-discapacidad-fisica-y-organica-solicita-al-congreso-que-se-tenga-en-cuenta-al-colectivo-para-la-toma-de-decisiones\/#primaryimage","url":"https:\/\/www.alcergipuzkoa.org\/wp-content\/uploads\/2021\/03\/Portada-1.jpg","contentUrl":"https:\/\/www.alcergipuzkoa.org\/wp-content\/uploads\/2021\/03\/Portada-1.jpg","width":1099,"height":609},{"@type":"BreadcrumbList","@id":"http:\/\/www.alcergipuzkoa.org\/cocemfe-confederacion-espanola-de-personas-con-discapacidad-fisica-y-organica-solicita-al-congreso-que-se-tenga-en-cuenta-al-colectivo-para-la-toma-de-decisiones\/#breadcrumb","itemListElement":[{"@type":"ListItem","position":1,"name":"Portada","item":"https:\/\/www.alcergipuzkoa.org\/eu\/"},{"@type":"ListItem","position":2,"name":"COCEMFE-k (Confederaci\u00f3n Espa\u00f1ola de Personas con discapacidad f\u00edsica y org\u00e1nica) erabakiak hartzerakoan talde hau kontuan hartzeko eskatu dio Kongresuari"}]},{"@type":"WebSite","@id":"https:\/\/www.alcergipuzkoa.org\/#website","url":"https:\/\/www.alcergipuzkoa.org\/","name":"Alcer Gipuzkoa","description":"Guztion laguntzarekin","publisher":{"@id":"https:\/\/www.alcergipuzkoa.org\/#organization"},"potentialAction":[{"@type":"SearchAction","target":{"@type":"EntryPoint","urlTemplate":"https:\/\/www.alcergipuzkoa.org\/?s={search_term_string}"},"query-input":"required name=search_term_string"}],"inLanguage":"eu"},{"@type":"Organization","@id":"https:\/\/www.alcergipuzkoa.org\/#organization","name":"Alcer Gipuzkoa","url":"https:\/\/www.alcergipuzkoa.org\/","logo":{"@type":"ImageObject","inLanguage":"eu","@id":"https:\/\/www.alcergipuzkoa.org\/#\/schema\/logo\/image\/","url":"https:\/\/www.alcergipuzkoa.org\/wp-content\/uploads\/2024\/04\/LOGO_MENU-01.png","contentUrl":"https:\/\/www.alcergipuzkoa.org\/wp-content\/uploads\/2024\/04\/LOGO_MENU-01.png","width":2015,"height":661,"caption":"Alcer Gipuzkoa"},"image":{"@id":"https:\/\/www.alcergipuzkoa.org\/#\/schema\/logo\/image\/"}},{"@type":"Person","@id":"https:\/\/www.alcergipuzkoa.org\/#\/schema\/person\/0201658fcd3d30ba9f722c56730794ce","name":"Alcer Gipuzkoa","image":{"@type":"ImageObject","inLanguage":"eu","@id":"https:\/\/www.alcergipuzkoa.org\/#\/schema\/person\/image\/","url":"https:\/\/secure.gravatar.com\/avatar\/fa15fb5830e3ec0132f1dfaf805fe6a9?s=96&d=blank&r=g","contentUrl":"https:\/\/secure.gravatar.com\/avatar\/fa15fb5830e3ec0132f1dfaf805fe6a9?s=96&d=blank&r=g","caption":"Alcer Gipuzkoa"},"sameAs":["http:\/\/www.alcergipuzkoa.org"],"url":"https:\/\/www.alcergipuzkoa.org\/eu\/author\/administrador\/"}]}},"_links":{"self":[{"href":"https:\/\/www.alcergipuzkoa.org\/eu\/wp-json\/wp\/v2\/posts\/2211"}],"collection":[{"href":"https:\/\/www.alcergipuzkoa.org\/eu\/wp-json\/wp\/v2\/posts"}],"about":[{"href":"https:\/\/www.alcergipuzkoa.org\/eu\/wp-json\/wp\/v2\/types\/post"}],"author":[{"embeddable":true,"href":"https:\/\/www.alcergipuzkoa.org\/eu\/wp-json\/wp\/v2\/users\/1"}],"replies":[{"embeddable":true,"href":"https:\/\/www.alcergipuzkoa.org\/eu\/wp-json\/wp\/v2\/comments?post=2211"}],"version-history":[{"count":2,"href":"https:\/\/www.alcergipuzkoa.org\/eu\/wp-json\/wp\/v2\/posts\/2211\/revisions"}],"predecessor-version":[{"id":2221,"href":"https:\/\/www.alcergipuzkoa.org\/eu\/wp-json\/wp\/v2\/posts\/2211\/revisions\/2221"}],"wp:featuredmedia":[{"embeddable":true,"href":"https:\/\/www.alcergipuzkoa.org\/eu\/wp-json\/wp\/v2\/media\/2212"}],"wp:attachment":[{"href":"https:\/\/www.alcergipuzkoa.org\/eu\/wp-json\/wp\/v2\/media?parent=2211"}],"wp:term":[{"taxonomy":"category","embeddable":true,"href":"https:\/\/www.alcergipuzkoa.org\/eu\/wp-json\/wp\/v2\/categories?post=2211"},{"taxonomy":"post_tag","embeddable":true,"href":"https:\/\/www.alcergipuzkoa.org\/eu\/wp-json\/wp\/v2\/tags?post=2211"}],"curies":[{"name":"wp","href":"https:\/\/api.w.org\/{rel}","templated":true}]}}